{"id":3528,"date":"2018-03-01T11:38:59","date_gmt":"2018-03-01T10:38:59","guid":{"rendered":"https:\/\/www.chateau-calissanne.fr\/chateau-calissanne-prowein-dusseldorf\/"},"modified":"2018-04-13T11:30:42","modified_gmt":"2018-04-13T09:30:42","slug":"chateau-calissanne-prowein-dusseldorf","status":"publish","type":"post","link":"https:\/\/www.chateau-calissanne.fr\/en\/chateau-calissanne-prowein-dusseldorf\/","title":{"rendered":"Rendez-vous \u00e0 Prowein du 18 au 20 mars"},"content":{"rendered":"<p>[et_pb_section bb_built=&#8221;1&#8243; _builder_version=&#8221;3.0.47&#8243;][et_pb_row _builder_version=&#8221;3.0.47&#8243; background_size=&#8221;initial&#8221; background_position=&#8221;top_left&#8221; background_repeat=&#8221;repeat&#8221;][et_pb_column type=&#8221;4_4&#8243;][et_pb_text _builder_version=&#8221;3.0.106&#8243; background_size=&#8221;initial&#8221; background_position=&#8221;top_left&#8221; background_repeat=&#8221;repeat&#8221; background_layout=&#8221;light&#8221;]<\/p>\n<p>Rendez-vous du 18 au 20 mars 2018 \u00e0 D\u00fcsseldorf au <a href=\"https:\/\/www.prowein.fr\/\">salon Prowein<\/a>.<br \/>\nNous serons pr\u00e9sents sur le stand collectif de Ch\u00e2teauneuf du pape &#8211; Hall 11 &#8211; Sand H09<\/p>\n<p>Retrouvez toutes les informations sur <a href=\"http:\/\/www.prowein.fr\">www.prowein.fr<\/a><\/p>\n<p>[\/et_pb_text][\/et_pb_column][\/et_pb_row][\/et_pb_section]<\/p>\n","protected":false},"excerpt":{"rendered":"<p>Rendez-vous du 18 au 20 mars 2018 \u00e0 D\u00fcsseldorf au salon Prowein. Nous serons pr\u00e9sents sur le stand collectif de Ch\u00e2teauneuf du pape &#8211; Hall 11 &#8211; Sand H09 Retrouvez toutes les informations sur www.prowein.fr<\/p>\n","protected":false},"author":2,"featured_media":722,"comment_status":"open","ping_status":"open","sticky":false,"template":"","format":"standard","meta":{"_acf_changed":false,"_et_pb_use_builder":"on","_et_pb_old_content":"Lorem ipsum dolor sit amet, consectetur adipiscing elit. Nunc eleifend in velit eget eleifend. Morbi bibendum non nulla eget cursus. Phasellus bibendum vel turpis a luctus. Fusce ullamcorper at odio non dignissim. Donec eget velit in est tincidunt auctor. Proin luctus nulla ut ex luctus eleifend. Morbi fringilla ultrices magna sit amet tempus. Ut velit libero, consectetur nec nibh ac, ultricies maximus nibh. In vel orci malesuada, maximus purus et, aliquet tortor. Donec eu rutrum nisi. Nullam vel molestie dolor.\r\n\r\nSed tincidunt libero lectus. Nunc feugiat ante et neque sollicitudin, eu faucibus metus sollicitudin. Proin facilisis a est tempor venenatis. Fusce hendrerit turpis nec suscipit volutpat. Ut et ultricies nulla. Etiam urna arcu, semper vitae semper non, ullamcorper sed quam. Aliquam eget sollicitudin velit, vel pulvinar sem. Suspendisse rutrum, sapien vitae convallis tincidunt, nibh mauris tincidunt ex, sit amet laoreet libero sapien eget felis. Praesent augue lectus, feugiat quis tellus eget, tincidunt elementum sem. Aliquam pellentesque tortor ac varius sodales. Vivamus finibus, lacus in ullamcorper convallis, augue nisl hendrerit nisl, in condimentum urna magna eu nulla. Etiam convallis efficitur magna vitae ultrices.\r\n\r\nSuspendisse interdum suscipit aliquet. In hac habitasse platea dictumst. Orci varius natoque penatibus et magnis dis parturient montes, nascetur ridiculus mus. Fusce lacinia gravida libero nec vulputate. Aliquam erat volutpat. Phasellus egestas dui id tellus tempus, sit amet facilisis arcu fringilla. Nam gravida lorem et sapien imperdiet scelerisque. Aenean tempus nisi ligula, quis ullamcorper leo porttitor a. Etiam eleifend libero tellus, a pellentesque mi condimentum non. Donec cursus ac eros vel sagittis. Morbi consectetur vulputate ante eu bibendum. Lorem ipsum dolor sit amet, consectetur adipiscing elit. Donec gravida sagittis nulla. Vivamus vitae gravida massa. Vivamus lacinia rhoncus volutpat.","_et_gb_content_width":"","inline_featured_image":false,"footnotes":""},"categories":[108],"tags":[],"class_list":["post-3528","post","type-post","status-publish","format-standard","has-post-thumbnail","hentry","category-salon-en"],"acf":[],"yoast_head":"<!-- This site is optimized with the Yoast SEO plugin v25.4 - https:\/\/yoast.com\/wordpress\/plugins\/seo\/ -->\n<title>Rendez-vous \u00e0 Prowein du 18 au 20 mars - Ch\u00e2teau Calissanne | Huiles &amp; Vins de Provence<\/title>\n<meta name=\"robots\" content=\"index, follow, max-snippet:-1, max-image-preview:large, max-video-preview:-1\" \/>\n<link rel=\"canonical\" href=\"https:\/\/www.chateau-calissanne.fr\/en\/chateau-calissanne-prowein-dusseldorf\/\" \/>\n<meta property=\"og:locale\" content=\"en_US\" \/>\n<meta property=\"og:type\" content=\"article\" \/>\n<meta property=\"og:title\" content=\"Rendez-vous \u00e0 Prowein du 18 au 20 mars - Ch\u00e2teau Calissanne | Huiles &amp; Vins de Provence\" \/>\n<meta property=\"og:description\" content=\"Rendez-vous du 18 au 20 mars 2018 \u00e0 D\u00fcsseldorf au salon Prowein. Nous serons pr\u00e9sents sur le stand collectif de Ch\u00e2teauneuf du pape - Hall 11 - Sand H09 Retrouvez toutes les informations sur www.prowein.fr\" \/>\n<meta property=\"og:url\" content=\"https:\/\/www.chateau-calissanne.fr\/en\/chateau-calissanne-prowein-dusseldorf\/\" \/>\n<meta property=\"og:site_name\" content=\"Ch\u00e2teau Calissanne | Huiles &amp; Vins de Provence\" \/>\n<meta property=\"article:published_time\" content=\"2018-03-01T10:38:59+00:00\" \/>\n<meta property=\"article:modified_time\" content=\"2018-04-13T09:30:42+00:00\" \/>\n<meta property=\"og:image\" content=\"https:\/\/www.chateau-calissanne.fr\/wp-content\/uploads\/2018\/03\/CALISSANNE_Prowein.jpg\" \/>\n\t<meta property=\"og:image:width\" content=\"1000\" \/>\n\t<meta property=\"og:image:height\" content=\"667\" \/>\n\t<meta property=\"og:image:type\" content=\"image\/jpeg\" \/>\n<meta name=\"author\" content=\"Terre\" \/>\n<meta name=\"twitter:card\" content=\"summary_large_image\" \/>\n<meta name=\"twitter:label1\" content=\"Written by\" \/>\n\t<meta name=\"twitter:data1\" content=\"Terre\" \/>\n<script type=\"application\/ld+json\" class=\"yoast-schema-graph\">{\"@context\":\"https:\/\/schema.org\",\"@graph\":[{\"@type\":\"Article\",\"@id\":\"https:\/\/www.chateau-calissanne.fr\/en\/chateau-calissanne-prowein-dusseldorf\/#article\",\"isPartOf\":{\"@id\":\"https:\/\/www.chateau-calissanne.fr\/en\/chateau-calissanne-prowein-dusseldorf\/\"},\"author\":{\"name\":\"Terre\",\"@id\":\"https:\/\/www.chateau-calissanne.fr\/#\/schema\/person\/bbc6d727aff0a1b6f06f712dab9439b1\"},\"headline\":\"Rendez-vous \u00e0 Prowein du 18 au 20 mars\",\"datePublished\":\"2018-03-01T10:38:59+00:00\",\"dateModified\":\"2018-04-13T09:30:42+00:00\",\"mainEntityOfPage\":{\"@id\":\"https:\/\/www.chateau-calissanne.fr\/en\/chateau-calissanne-prowein-dusseldorf\/\"},\"wordCount\":96,\"commentCount\":0,\"publisher\":{\"@id\":\"https:\/\/www.chateau-calissanne.fr\/#organization\"},\"image\":{\"@id\":\"https:\/\/www.chateau-calissanne.fr\/en\/chateau-calissanne-prowein-dusseldorf\/#primaryimage\"},\"thumbnailUrl\":\"https:\/\/www.chateau-calissanne.fr\/wp-content\/uploads\/2018\/03\/CALISSANNE_Prowein.jpg\",\"articleSection\":[\"Salon\"],\"inLanguage\":\"en-US\",\"potentialAction\":[{\"@type\":\"CommentAction\",\"name\":\"Comment\",\"target\":[\"https:\/\/www.chateau-calissanne.fr\/en\/chateau-calissanne-prowein-dusseldorf\/#respond\"]}]},{\"@type\":\"WebPage\",\"@id\":\"https:\/\/www.chateau-calissanne.fr\/en\/chateau-calissanne-prowein-dusseldorf\/\",\"url\":\"https:\/\/www.chateau-calissanne.fr\/en\/chateau-calissanne-prowein-dusseldorf\/\",\"name\":\"Rendez-vous \u00e0 Prowein du 18 au 20 mars - Ch\u00e2teau Calissanne | Huiles &amp; Vins de Provence\",\"isPartOf\":{\"@id\":\"https:\/\/www.chateau-calissanne.fr\/#website\"},\"primaryImageOfPage\":{\"@id\":\"https:\/\/www.chateau-calissanne.fr\/en\/chateau-calissanne-prowein-dusseldorf\/#primaryimage\"},\"image\":{\"@id\":\"https:\/\/www.chateau-calissanne.fr\/en\/chateau-calissanne-prowein-dusseldorf\/#primaryimage\"},\"thumbnailUrl\":\"https:\/\/www.chateau-calissanne.fr\/wp-content\/uploads\/2018\/03\/CALISSANNE_Prowein.jpg\",\"datePublished\":\"2018-03-01T10:38:59+00:00\",\"dateModified\":\"2018-04-13T09:30:42+00:00\",\"breadcrumb\":{\"@id\":\"https:\/\/www.chateau-calissanne.fr\/en\/chateau-calissanne-prowein-dusseldorf\/#breadcrumb\"},\"inLanguage\":\"en-US\",\"potentialAction\":[{\"@type\":\"ReadAction\",\"target\":[\"https:\/\/www.chateau-calissanne.fr\/en\/chateau-calissanne-prowein-dusseldorf\/\"]}]},{\"@type\":\"ImageObject\",\"inLanguage\":\"en-US\",\"@id\":\"https:\/\/www.chateau-calissanne.fr\/en\/chateau-calissanne-prowein-dusseldorf\/#primaryimage\",\"url\":\"https:\/\/www.chateau-calissanne.fr\/wp-content\/uploads\/2018\/03\/CALISSANNE_Prowein.jpg\",\"contentUrl\":\"https:\/\/www.chateau-calissanne.fr\/wp-content\/uploads\/2018\/03\/CALISSANNE_Prowein.jpg\",\"width\":1000,\"height\":667},{\"@type\":\"BreadcrumbList\",\"@id\":\"https:\/\/www.chateau-calissanne.fr\/en\/chateau-calissanne-prowein-dusseldorf\/#breadcrumb\",\"itemListElement\":[{\"@type\":\"ListItem\",\"position\":1,\"name\":\"Accueil\",\"item\":\"https:\/\/www.chateau-calissanne.fr\/en\/\"},{\"@type\":\"ListItem\",\"position\":2,\"name\":\"Rendez-vous \u00e0 Prowein du 18 au 20 mars\"}]},{\"@type\":\"WebSite\",\"@id\":\"https:\/\/www.chateau-calissanne.fr\/#website\",\"url\":\"https:\/\/www.chateau-calissanne.fr\/\",\"name\":\"Ch\u00e2teau Calissanne | Huiles &amp; Vins de Provence\",\"description\":\"Huiles &amp; Vin de Provence\",\"publisher\":{\"@id\":\"https:\/\/www.chateau-calissanne.fr\/#organization\"},\"potentialAction\":[{\"@type\":\"SearchAction\",\"target\":{\"@type\":\"EntryPoint\",\"urlTemplate\":\"https:\/\/www.chateau-calissanne.fr\/?s={search_term_string}\"},\"query-input\":{\"@type\":\"PropertyValueSpecification\",\"valueRequired\":true,\"valueName\":\"search_term_string\"}}],\"inLanguage\":\"en-US\"},{\"@type\":\"Organization\",\"@id\":\"https:\/\/www.chateau-calissanne.fr\/#organization\",\"name\":\"Ch\u00e2teau Calissanne\",\"url\":\"https:\/\/www.chateau-calissanne.fr\/\",\"logo\":{\"@type\":\"ImageObject\",\"inLanguage\":\"en-US\",\"@id\":\"https:\/\/www.chateau-calissanne.fr\/#\/schema\/logo\/image\/\",\"url\":\"https:\/\/www.chateau-calissanne.fr\/wp-content\/uploads\/2021\/11\/chateau-calissanne-logo-calissanne.svg\",\"contentUrl\":\"https:\/\/www.chateau-calissanne.fr\/wp-content\/uploads\/2021\/11\/chateau-calissanne-logo-calissanne.svg\",\"width\":\"1024\",\"height\":\"1024\",\"caption\":\"Ch\u00e2teau Calissanne\"},\"image\":{\"@id\":\"https:\/\/www.chateau-calissanne.fr\/#\/schema\/logo\/image\/\"}},{\"@type\":\"Person\",\"@id\":\"https:\/\/www.chateau-calissanne.fr\/#\/schema\/person\/bbc6d727aff0a1b6f06f712dab9439b1\",\"name\":\"Terre\",\"image\":{\"@type\":\"ImageObject\",\"inLanguage\":\"en-US\",\"@id\":\"https:\/\/www.chateau-calissanne.fr\/#\/schema\/person\/image\/\",\"url\":\"https:\/\/secure.gravatar.com\/avatar\/637a6e72825f8ad7ca3e27cf8da09199961920823c05526ff80a77f7e1319ec2?s=96&d=mm&r=g\",\"contentUrl\":\"https:\/\/secure.gravatar.com\/avatar\/637a6e72825f8ad7ca3e27cf8da09199961920823c05526ff80a77f7e1319ec2?s=96&d=mm&r=g\",\"caption\":\"Terre\"},\"url\":\"https:\/\/www.chateau-calissanne.fr\/en\/author\/terreneuve\/\"}]}<\/script>\n<!-- \/ Yoast SEO plugin. -->","yoast_head_json":{"title":"Rendez-vous \u00e0 Prowein du 18 au 20 mars - Ch\u00e2teau Calissanne | Huiles &amp; Vins de Provence","robots":{"index":"index","follow":"follow","max-snippet":"max-snippet:-1","max-image-preview":"max-image-preview:large","max-video-preview":"max-video-preview:-1"},"canonical":"https:\/\/www.chateau-calissanne.fr\/en\/chateau-calissanne-prowein-dusseldorf\/","og_locale":"en_US","og_type":"article","og_title":"Rendez-vous \u00e0 Prowein du 18 au 20 mars - Ch\u00e2teau Calissanne | Huiles &amp; Vins de Provence","og_description":"Rendez-vous du 18 au 20 mars 2018 \u00e0 D\u00fcsseldorf au salon Prowein. Nous serons pr\u00e9sents sur le stand collectif de Ch\u00e2teauneuf du pape - Hall 11 - Sand H09 Retrouvez toutes les informations sur www.prowein.fr","og_url":"https:\/\/www.chateau-calissanne.fr\/en\/chateau-calissanne-prowein-dusseldorf\/","og_site_name":"Ch\u00e2teau Calissanne | Huiles &amp; Vins de Provence","article_published_time":"2018-03-01T10:38:59+00:00","article_modified_time":"2018-04-13T09:30:42+00:00","og_image":[{"width":1000,"height":667,"url":"https:\/\/www.chateau-calissanne.fr\/wp-content\/uploads\/2018\/03\/CALISSANNE_Prowein.jpg","type":"image\/jpeg"}],"author":"Terre","twitter_card":"summary_large_image","twitter_misc":{"Written by":"Terre"},"schema":{"@context":"https:\/\/schema.org","@graph":[{"@type":"Article","@id":"https:\/\/www.chateau-calissanne.fr\/en\/chateau-calissanne-prowein-dusseldorf\/#article","isPartOf":{"@id":"https:\/\/www.chateau-calissanne.fr\/en\/chateau-calissanne-prowein-dusseldorf\/"},"author":{"name":"Terre","@id":"https:\/\/www.chateau-calissanne.fr\/#\/schema\/person\/bbc6d727aff0a1b6f06f712dab9439b1"},"headline":"Rendez-vous \u00e0 Prowein du 18 au 20 mars","datePublished":"2018-03-01T10:38:59+00:00","dateModified":"2018-04-13T09:30:42+00:00","mainEntityOfPage":{"@id":"https:\/\/www.chateau-calissanne.fr\/en\/chateau-calissanne-prowein-dusseldorf\/"},"wordCount":96,"commentCount":0,"publisher":{"@id":"https:\/\/www.chateau-calissanne.fr\/#organization"},"image":{"@id":"https:\/\/www.chateau-calissanne.fr\/en\/chateau-calissanne-prowein-dusseldorf\/#primaryimage"},"thumbnailUrl":"https:\/\/www.chateau-calissanne.fr\/wp-content\/uploads\/2018\/03\/CALISSANNE_Prowein.jpg","articleSection":["Salon"],"inLanguage":"en-US","potentialAction":[{"@type":"CommentAction","name":"Comment","target":["https:\/\/www.chateau-calissanne.fr\/en\/chateau-calissanne-prowein-dusseldorf\/#respond"]}]},{"@type":"WebPage","@id":"https:\/\/www.chateau-calissanne.fr\/en\/chateau-calissanne-prowein-dusseldorf\/","url":"https:\/\/www.chateau-calissanne.fr\/en\/chateau-calissanne-prowein-dusseldorf\/","name":"Rendez-vous \u00e0 Prowein du 18 au 20 mars - Ch\u00e2teau Calissanne | Huiles &amp; Vins de Provence","isPartOf":{"@id":"https:\/\/www.chateau-calissanne.fr\/#website"},"primaryImageOfPage":{"@id":"https:\/\/www.chateau-calissanne.fr\/en\/chateau-calissanne-prowein-dusseldorf\/#primaryimage"},"image":{"@id":"https:\/\/www.chateau-calissanne.fr\/en\/chateau-calissanne-prowein-dusseldorf\/#primaryimage"},"thumbnailUrl":"https:\/\/www.chateau-calissanne.fr\/wp-content\/uploads\/2018\/03\/CALISSANNE_Prowein.jpg","datePublished":"2018-03-01T10:38:59+00:00","dateModified":"2018-04-13T09:30:42+00:00","breadcrumb":{"@id":"https:\/\/www.chateau-calissanne.fr\/en\/chateau-calissanne-prowein-dusseldorf\/#breadcrumb"},"inLanguage":"en-US","potentialAction":[{"@type":"ReadAction","target":["https:\/\/www.chateau-calissanne.fr\/en\/chateau-calissanne-prowein-dusseldorf\/"]}]},{"@type":"ImageObject","inLanguage":"en-US","@id":"https:\/\/www.chateau-calissanne.fr\/en\/chateau-calissanne-prowein-dusseldorf\/#primaryimage","url":"https:\/\/www.chateau-calissanne.fr\/wp-content\/uploads\/2018\/03\/CALISSANNE_Prowein.jpg","contentUrl":"https:\/\/www.chateau-calissanne.fr\/wp-content\/uploads\/2018\/03\/CALISSANNE_Prowein.jpg","width":1000,"height":667},{"@type":"BreadcrumbList","@id":"https:\/\/www.chateau-calissanne.fr\/en\/chateau-calissanne-prowein-dusseldorf\/#breadcrumb","itemListElement":[{"@type":"ListItem","position":1,"name":"Accueil","item":"https:\/\/www.chateau-calissanne.fr\/en\/"},{"@type":"ListItem","position":2,"name":"Rendez-vous \u00e0 Prowein du 18 au 20 mars"}]},{"@type":"WebSite","@id":"https:\/\/www.chateau-calissanne.fr\/#website","url":"https:\/\/www.chateau-calissanne.fr\/","name":"Ch\u00e2teau Calissanne | Huiles &amp; Vins de Provence","description":"Huiles &amp; Vin de Provence","publisher":{"@id":"https:\/\/www.chateau-calissanne.fr\/#organization"},"potentialAction":[{"@type":"SearchAction","target":{"@type":"EntryPoint","urlTemplate":"https:\/\/www.chateau-calissanne.fr\/?s={search_term_string}"},"query-input":{"@type":"PropertyValueSpecification","valueRequired":true,"valueName":"search_term_string"}}],"inLanguage":"en-US"},{"@type":"Organization","@id":"https:\/\/www.chateau-calissanne.fr\/#organization","name":"Ch\u00e2teau Calissanne","url":"https:\/\/www.chateau-calissanne.fr\/","logo":{"@type":"ImageObject","inLanguage":"en-US","@id":"https:\/\/www.chateau-calissanne.fr\/#\/schema\/logo\/image\/","url":"https:\/\/www.chateau-calissanne.fr\/wp-content\/uploads\/2021\/11\/chateau-calissanne-logo-calissanne.svg","contentUrl":"https:\/\/www.chateau-calissanne.fr\/wp-content\/uploads\/2021\/11\/chateau-calissanne-logo-calissanne.svg","width":"1024","height":"1024","caption":"Ch\u00e2teau Calissanne"},"image":{"@id":"https:\/\/www.chateau-calissanne.fr\/#\/schema\/logo\/image\/"}},{"@type":"Person","@id":"https:\/\/www.chateau-calissanne.fr\/#\/schema\/person\/bbc6d727aff0a1b6f06f712dab9439b1","name":"Terre","image":{"@type":"ImageObject","inLanguage":"en-US","@id":"https:\/\/www.chateau-calissanne.fr\/#\/schema\/person\/image\/","url":"https:\/\/secure.gravatar.com\/avatar\/637a6e72825f8ad7ca3e27cf8da09199961920823c05526ff80a77f7e1319ec2?s=96&d=mm&r=g","contentUrl":"https:\/\/secure.gravatar.com\/avatar\/637a6e72825f8ad7ca3e27cf8da09199961920823c05526ff80a77f7e1319ec2?s=96&d=mm&r=g","caption":"Terre"},"url":"https:\/\/www.chateau-calissanne.fr\/en\/author\/terreneuve\/"}]}},"_links":{"self":[{"href":"https:\/\/www.chateau-calissanne.fr\/en\/wp-json\/wp\/v2\/posts\/3528","targetHints":{"allow":["GET"]}}],"collection":[{"href":"https:\/\/www.chateau-calissanne.fr\/en\/wp-json\/wp\/v2\/posts"}],"about":[{"href":"https:\/\/www.chateau-calissanne.fr\/en\/wp-json\/wp\/v2\/types\/post"}],"author":[{"embeddable":true,"href":"https:\/\/www.chateau-calissanne.fr\/en\/wp-json\/wp\/v2\/users\/2"}],"replies":[{"embeddable":true,"href":"https:\/\/www.chateau-calissanne.fr\/en\/wp-json\/wp\/v2\/comments?post=3528"}],"version-history":[{"count":1,"href":"https:\/\/www.chateau-calissanne.fr\/en\/wp-json\/wp\/v2\/posts\/3528\/revisions"}],"predecessor-version":[{"id":3537,"href":"https:\/\/www.chateau-calissanne.fr\/en\/wp-json\/wp\/v2\/posts\/3528\/revisions\/3537"}],"wp:featuredmedia":[{"embeddable":true,"href":"https:\/\/www.chateau-calissanne.fr\/en\/wp-json\/wp\/v2\/media\/722"}],"wp:attachment":[{"href":"https:\/\/www.chateau-calissanne.fr\/en\/wp-json\/wp\/v2\/media?parent=3528"}],"wp:term":[{"taxonomy":"category","embeddable":true,"href":"https:\/\/www.chateau-calissanne.fr\/en\/wp-json\/wp\/v2\/categories?post=3528"},{"taxonomy":"post_tag","embeddable":true,"href":"https:\/\/www.chateau-calissanne.fr\/en\/wp-json\/wp\/v2\/tags?post=3528"}],"curies":[{"name":"wp","href":"https:\/\/api.w.org\/{rel}","templated":true}]}}